{"id":861,"date":"2018-01-23T12:00:40","date_gmt":"2018-01-23T11:00:40","guid":{"rendered":"http:\/\/owogs.bs.katowice.pl\/?p=861"},"modified":"2018-04-27T13:48:54","modified_gmt":"2018-04-27T11:48:54","slug":"lista-osob-zakwalifikowanych-do-finalu-vii-edycji","status":"publish","type":"post","link":"https:\/\/owogs.bs.katowice.pl\/?p=861","title":{"rendered":"Lista os\u00f3b zakwalifikowanych do fina\u0142u VII edycji"},"content":{"rendered":"<div class=\"fcbkbttn_buttons_block\" id=\"fcbkbttn_left\"><div class=\"fcbkbttn_button\">\n\t\t\t\t\t<a href=\"https:\/\/www.facebook.com\/1646254928942857\" target=\"_blank\">\n\t\t\t\t\t\t<img decoding=\"async\" src=\"https:\/\/owogs.bs.katowice.pl\/wp-content\/plugins\/facebook-button-plugin\/images\/standard-facebook-ico.png\" alt=\"Fb-Button\" \/>\n\t\t\t\t\t<\/a>\n\t\t\t\t<\/div><div class=\"fcbkbttn_like \"><fb:like href=\"https:\/\/owogs.bs.katowice.pl\/?p=861\" action=\"like\" colorscheme=\"light\" layout=\"button_count\"  size=\"small\"><\/fb:like><\/div><div class=\"fb-share-button  \" data-href=\"https:\/\/owogs.bs.katowice.pl\/?p=861\" data-type=\"button_count\" data-size=\"small\"><\/div><\/div><p>Przedstawiamy list\u0119 os\u00f3b, kt\u00f3re po\u00a0ocenie prac przez juror\u00f3w otrzyma\u0142y minimum 75 punkt\u00f3w:<\/p>\n<table width=\"935\">\n<tbody>\n<tr>\n<td width=\"180\">Ucze\u0144<\/td>\n<td width=\"301\">Szko\u0142a<\/td>\n<td width=\"454\">Temat<\/td>\n<\/tr>\n<tr>\n<td>Klaudia Wierzgo\u0144<\/td>\n<td width=\"301\">Zesp\u00f3\u0142 Szk\u00f3\u0142 nr 2, Jastrz\u0119bie &#8211; Zdr\u00f3j<\/td>\n<td width=\"454\">G.T1 Walory przyrodnicze, kulturowe i spo\u0142eczne<br \/>\nmiejscowo\u015bci\/gminy po\u0142o\u017conej na G\u00f3rnym \u015al\u0105sku szans\u0105 na jej rozw\u00f3j w<br \/>\nXXI wieku (wizja \u2013 projekt rozwoju miejscowo\u015bci \/gminy w najbli\u017cszych<br \/>\n10 latach)<\/td>\n<\/tr>\n<tr>\n<td width=\"180\">Hanna Ochmann<\/td>\n<td width=\"301\">II Liceum Og\u00f3lnokszta\u0142c\u0105ce im. rotmistrza Witolda Pileckiego w Miko\u0142owie<\/td>\n<td width=\"454\">G.T1 Wizja gminy Wyry w najbli\u017cszych 10 latach<\/td>\n<\/tr>\n<tr>\n<td>Natalia Mazur<\/td>\n<td width=\"301\">IV LO Tychy<\/td>\n<td width=\"454\">G.T3 Dzi\u015b nieu\u017cytek \u2013 jutro innowacyjne Centrum Zdrowego Od\u017cywiania. Propozycja zagospodarowania wybranego terenu zgodnie z ide\u0105 rozwoju zr\u00f3wnoa\u017conego<\/td>\n<\/tr>\n<tr>\n<td>Sandra Famu\u0142a<\/td>\n<td width=\"301\">I LO Olesno<\/td>\n<td width=\"454\">G.T5 Projekt utworzenia nowego rezerwatu przyrody na obszarze G\u00f3rnego \u015al\u0105ska &#8211; RP Bukowe Ska\u0142y<\/td>\n<\/tr>\n<tr>\n<td>Marcin Szo\u0142tysek<\/td>\n<td width=\"301\">V Liceum Og\u00f3lnokszta\u0142c\u0105ce im. Augusta Witkowskiego w Krakowie<\/td>\n<td width=\"454\">H.T2 Historia \u017cycia codziennego G\u00f3rno\u015bl\u0105zak\u00f3w i jej wykorzystanie w turystyce<\/td>\n<\/tr>\n<tr>\n<td>Alicja Tokarczyk<\/td>\n<td width=\"301\">Zesp\u00f3\u0142 Szk\u00f3\u0142 Nr 2 im. Wojciecha Korfantego Jastrz\u0119bie-Zdr\u00f3j<\/td>\n<td width=\"454\">H.T2 Historia \u017cycia codziennego G\u00f3rno\u015bl\u0105zak\u00f3w i jej wykorzystanie w turystyce. Nikiszowiec jako per\u0142a turystyczna g\u00f3rno\u015bl\u0105ska<\/td>\n<\/tr>\n<tr>\n<td>Paulina Musiolik<\/td>\n<td width=\"301\">Zesp\u00f3\u0142 Szk\u00f3\u0142 Urszula\u0144skich w Rybniku<\/td>\n<td width=\"454\">H.T2 Historia \u017cycia codziennego G\u00f3rno\u015bl\u0105zak\u00f3w i jej wykorzystanie w<br \/>\nturystyce<\/td>\n<\/tr>\n<tr>\n<td>Anna Morys<\/td>\n<td width=\"301\">II Liceum Og\u00f3lnokszta\u0142c\u0105ce z Oddzia\u0142ami Dwuj\u0119zycznymi im. Marii Konopnickiej Katowice<\/td>\n<td width=\"454\">H.T3 Pa\u0142ace pami\u0119ci. Adaptacje historycznych za\u0142o\u017ce\u0144 pa\u0142acowo-parkowych w regionie \u2013 tendencje, koncepcje, realizacje<\/td>\n<\/tr>\n<tr>\n<td>Tamara Kurek<\/td>\n<td width=\"301\">I LO im. Leona Kruczkowskiego w Tychach<\/td>\n<td width=\"454\">H.T4 Wielokulturowe spo\u0142ecze\u0144stwo obywatelskie jako szansa rozwoju G\u00f3rnego \u015al\u0105ska na przyk\u0142adzie miasta Tychy<\/td>\n<\/tr>\n<tr>\n<td>Szymon Piecha<\/td>\n<td width=\"301\">IV Liceum Og\u00f3lnokszta\u0142c\u0105ce im. M. Kopernika w Rybniku<\/td>\n<td width=\"454\">H.T4 Wielokulturowe spo\u0142ecze\u0144stwo obywatelskie jako szansa rozwoju G\u00f3rnego \u015al\u0105ska na przyk\u0142adzie wybranej miejscowo\u015bci<\/td>\n<\/tr>\n<tr>\n<td>Jerzy Konieczny<\/td>\n<td width=\"301\">Zesp\u00f3\u0142 Szk\u00f3\u0142 Poligraficzno-Mechanicznych w Katowicach<\/td>\n<td width=\"454\">I.T1 Wodny \u015bwiat G\u00f3rnego \u015al\u0105ska. Gospodarcze, rekreacyjne i kulturowe atuty i mo\u017cliwo\u015bci<\/td>\n<\/tr>\n<tr>\n<td>Babu\u015bka Jakub<\/td>\n<td width=\"301\">V Liceum Og\u00f3lnokszta\u0142c\u0105ce im. Augusta Witkowskiego w Krakowie<\/td>\n<td width=\"454\">I.T3 Mitologia i folklor G\u00f3rnego \u015al\u0105ska. Czy utopce, Skarbnik i Meluzyna i inne straszki mog\u0105 pom\u00f3c w promocji regionu?<\/td>\n<\/tr>\n<tr>\n<td>Aleksandra Trawi\u0144ska<\/td>\n<td width=\"301\">I Liceum Og\u00f3lnokszta\u0142c\u0105ce im. Jana \u015aniadeckiego w Zespole Szk\u00f3\u0142 nr 2\u00a0 Siemianowice \u015al\u0105skie<\/td>\n<td width=\"454\">L.T4 Najlepszy \u015bl\u0105ski pisarz! Przedstaw tw\u00f3rczo\u015b\u0107 wybranego tw\u00f3rcy, ukazuj\u0105c artyzm jego dzie\u0142 na tle tendencji we wsp\u00f3\u0142czesnej prozie<\/td>\n<\/tr>\n<tr>\n<td>Barbara Kremiec<\/td>\n<td width=\"301\">Zesp\u00f3\u0142 Szk\u00f3\u0142 Urszula\u0144skich w Rybniku<\/td>\n<td width=\"454\">SziD.T1 Atrakcyjno\u015b\u0107 i znaczenie wybranych zabytk\u00f3w techniki<br \/>\ni \u015blad\u00f3w dawnego przemys\u0142u jako potencja\u0142u dla rozwoju ruchu turystycznego (o skali regionalnej, krajowej, europejskiej)<\/td>\n<\/tr>\n<tr>\n<td>Aleksandra Chmieli\u0144ska<\/td>\n<td width=\"301\">II LO Rybnik<\/td>\n<td width=\"454\">SziD.T2 Architektoniczne ikony. Modernizm mi\u0119dzywojenny i powojenny oraz wsp\u00f3\u0142czesna \u015bl\u0105ska architektura jako tworzywo nowego obrazu regionu.<\/td>\n<\/tr>\n<tr>\n<td>Aleksandra Mo\u017cd\u017ce\u0144<\/td>\n<td width=\"301\">IV LO Katowice<\/td>\n<td width=\"454\">SziD.T3 Muzyczny G\u00f3rny \u015al\u0105sk. Tradycje muzyczne \u015al\u0105ska i tytu\u0142 stolicy muzyki dla Katowic jako szansa dla nowego wizerunku regionu<\/td>\n<\/tr>\n<tr>\n<td>Mateusz Kowalski<\/td>\n<td width=\"301\">Zesp\u00f3\u0142 Szk\u00f3\u0142 Technicznych w Rybniku<\/td>\n<td width=\"454\">SziD.T3 Muzyczny G\u00f3rny \u015al\u0105sk. Tradycje muzyczne \u015al\u0105ska i tytu\u0142 stolicy muzyki dla Katowic jako szansa dla nowego wizerunku regionu<\/td>\n<\/tr>\n<tr>\n<td>Anna Le\u015bniewska<\/td>\n<td width=\"301\">II Liceum Og\u00f3lnokszta\u0142c\u0105ce z Oddzia\u0142ami Dwuj\u0119zycznymi im. Marii Konopnickiej Katowice<\/td>\n<td width=\"454\">SziD.T4 SL\u014cNSK\u014e G\u014eDKA W TEATRZE: NAIWNA PR\u00d3BA CZY NOWA SZANSA DLA REGIONU? BADANIE OPINII DOTYCZ\u0104CYCH OBECNO\u015aCI \u015aL\u0104SKIEJ MOWY W PRZESTRZENI TEATRALNEJ<\/td>\n<\/tr>\n<tr>\n<td>Violetta Kowalska<\/td>\n<td width=\"301\">ZSO nr 1 im. Miko\u0142aja Kopernika w Katowicach<\/td>\n<td width=\"454\">SziD.T5 Kolory folkloru \u2013 od Zespo\u0142u Pie\u015bni i Ta\u0144ca \u201c\u015al\u0105sk\u201d po regionalne<br \/>\nzespo\u0142y folklorystyczne. Czy folklor \u015bl\u0105ski na scenie (muzyka, pie\u015b\u0144, taniec, str\u00f3j ludowy) mo\u017ce by\u0107 atrakcyjny dla widz\u00f3w i czy potrzebny jest regionowi? Badania opinii spo\u0142ecznej.<\/td>\n<\/tr>\n<\/tbody>\n<\/table>\n<p>Fina\u0142 VII edycji OWoG\u015a odb\u0119dzie si\u0119 w pi\u0105tek <strong>23 marca 2018 roku <\/strong><strong>w\u00a0Bibliotece \u015al\u0105skiej w Katowicach<\/strong>.<\/p>\n<p>Zgodnie z\u00a0<strong>\u00a7 4. p.\u00a04.2.3. <\/strong>Regulaminu zawody fina\u0142owe sk\u0142adaj\u0105 si\u0119 z\u00a0dw\u00f3ch cz\u0119\u015bci: pisemnej i\u00a0ustnej. Cz\u0119\u015b\u0107 pisemna polega na\u00a0wype\u0142nieniu specjalistycznego testu, obejmuj\u0105cego wiedz\u0119 i\u00a0umiej\u0119tno\u015bci z\u00a0ka\u017cdej z\u00a0czterech dziedzin:<\/p>\n<ul>\n<li>geografii regionu (tre\u015bci przyrodnicze i\u00a0spo\u0142eczno-gospodarcze),<\/li>\n<li>historii G\u00f3rnego \u015al\u0105ska ze\u00a0szczeg\u00f3lnym uwzgl\u0119dnieniem historii po\u00a01740 roku,<\/li>\n<li>literatury dotycz\u0105cej regionu oraz\u00a0dialektu \u015bl\u0105skiego,<\/li>\n<li>sztuki i\u00a0dziedzictwa kulturowego.<\/li>\n<\/ul>\n<p>Do\u00a0cz\u0119\u015bci ustnej kwalifikuj\u0105 si\u0119 uczestnicy, kt\u00f3rzy\u00a0w\u00a0cz\u0119\u015bci pisemnej spe\u0142nili nast\u0119puj\u0105ce kryteria:<\/p>\n<ul>\n<li>przyst\u0105pili do\u00a0test\u00f3w w\u00a0ka\u017cdej z\u00a0czterech dziedzin,<\/li>\n<li>w\u00a0ka\u017cdym z\u00a0podej\u015b\u0107 (cz\u0119\u015bci tematycznej) uzyskali co najmniej 20% punkt\u00f3w mo\u017cliwych do\u00a0uzyskania w\u00a0danej cz\u0119\u015bci,<\/li>\n<li>\u0142\u0105cznie uzyskali co najmniej 50% punkt\u00f3w z\u00a0sumy uzyskanej przez\u00a0najlepszego uczestnika.<\/li>\n<\/ul>\n<p>Cz\u0119\u015b\u0107 ustna odbywa si\u0119 w\u00a0tym samym dniu. Zadaniem uczestnik\u00f3w jest przedstawienie swojej pracy konkursowej w\u00a0formie prezentacji oraz\u00a0udzielenie odpowiedzi na\u00a02 pytania jury.<\/p>\n<p>Materia\u0142y \u017ar\u00f3d\u0142owe do\u00a0testu fina\u0142owego oraz\u00a0szczeg\u00f3\u0142y dotycz\u0105ce przygotowania prezentacji oraz\u00a0wymogi formalne zostan\u0105 podane uczestnikom fina\u0142u na\u00a0stronie internetowej Olimpiady, w\u00a0terminie zgodnym z\u00a0harmonogramem danej edycji, nie\u00a0p\u00f3\u017aniej ni\u017c na\u00a0miesi\u0105c przed\u00a0terminem zawod\u00f3w fina\u0142owych.<\/p>\n<p>Zach\u0119camy nauczycieli i\u00a0opiekun\u00f3w do\u00a0zabrania na\u00a0fina\u0142 r\u00f3wnie\u017c tych uczni\u00f3w, kt\u00f3rzy\u00a0s\u0105 zainteresowani udzia\u0142em w\u00a0przysz\u0142ej edycji Olimpiady, aby mogli si\u0119 zapozna\u0107 z\u00a0form\u0105 wyst\u0105pie\u0144 (maksymalna liczba os\u00f3b towarzysz\u0105cych to\u00a04 osoby, prosimy o\u00a0wcze\u015bniejsze potwierdzenie udzia\u0142u na\u00a0adres: <a href=\"mailto:slaskaolimpiada@gmail.com\">slaskaolimpiada@gmail.com<\/a> najp\u00f3\u017aniej do\u00a0<strong>15 marca<\/strong>).<\/p>\n","protected":false},"excerpt":{"rendered":"<p>Przedstawiamy list\u0119 os\u00f3b, kt\u00f3re po\u00a0ocenie prac przez juror\u00f3w otrzyma\u0142y minimum 75 punkt\u00f3w: Ucze\u0144 Szko\u0142a Temat Klaudia Wierzgo\u0144 Zesp\u00f3\u0142 Szk\u00f3\u0142 nr 2, Jastrz\u0119bie &#8211; Zdr\u00f3j G.T1 Walory przyrodnicze, kulturowe i spo\u0142eczne miejscowo\u015bci\/gminy po\u0142o\u017conej na G\u00f3rnym \u015al\u0105sku szans\u0105 na jej rozw\u00f3j w XXI wieku (wizja \u2013 projekt rozwoju miejscowo\u015bci \/gminy w najbli\u017cszych 10 latach) Hanna Ochmann II [&hellip;]<\/p>\n","protected":false},"author":1,"featured_media":421,"comment_status":"closed","ping_status":"open","sticky":false,"template":"","format":"standard","meta":{"footnotes":""},"categories":[14],"tags":[],"class_list":["post-861","post","type-post","status-publish","format-standard","has-post-thumbnail","hentry","category-vii-edycja"],"_links":{"self":[{"href":"https:\/\/owogs.bs.katowice.pl\/index.php?rest_route=\/wp\/v2\/posts\/861","targetHints":{"allow":["GET"]}}],"collection":[{"href":"https:\/\/owogs.bs.katowice.pl\/index.php?rest_route=\/wp\/v2\/posts"}],"about":[{"href":"https:\/\/owogs.bs.katowice.pl\/index.php?rest_route=\/wp\/v2\/types\/post"}],"author":[{"embeddable":true,"href":"https:\/\/owogs.bs.katowice.pl\/index.php?rest_route=\/wp\/v2\/users\/1"}],"replies":[{"embeddable":true,"href":"https:\/\/owogs.bs.katowice.pl\/index.php?rest_route=%2Fwp%2Fv2%2Fcomments&post=861"}],"version-history":[{"count":2,"href":"https:\/\/owogs.bs.katowice.pl\/index.php?rest_route=\/wp\/v2\/posts\/861\/revisions"}],"predecessor-version":[{"id":863,"href":"https:\/\/owogs.bs.katowice.pl\/index.php?rest_route=\/wp\/v2\/posts\/861\/revisions\/863"}],"wp:featuredmedia":[{"embeddable":true,"href":"https:\/\/owogs.bs.katowice.pl\/index.php?rest_route=\/wp\/v2\/media\/421"}],"wp:attachment":[{"href":"https:\/\/owogs.bs.katowice.pl\/index.php?rest_route=%2Fwp%2Fv2%2Fmedia&parent=861"}],"wp:term":[{"taxonomy":"category","embeddable":true,"href":"https:\/\/owogs.bs.katowice.pl\/index.php?rest_route=%2Fwp%2Fv2%2Fcategories&post=861"},{"taxonomy":"post_tag","embeddable":true,"href":"https:\/\/owogs.bs.katowice.pl\/index.php?rest_route=%2Fwp%2Fv2%2Ftags&post=861"}],"curies":[{"name":"wp","href":"https:\/\/api.w.org\/{rel}","templated":true}]}}