{"id":2286,"date":"2025-12-10T08:49:24","date_gmt":"2025-12-10T07:49:24","guid":{"rendered":"https:\/\/owogs.bs.katowice.pl\/?p=2286"},"modified":"2026-03-10T09:16:56","modified_gmt":"2026-03-10T08:16:56","slug":"xv-final-owogs-lista-wystapien","status":"publish","type":"post","link":"https:\/\/owogs.bs.katowice.pl\/?p=2286","title":{"rendered":"XV fina\u0142 OWoG\u015a &#8211; lista wyst\u0105pie\u0144"},"content":{"rendered":"<div class=\"fcbkbttn_buttons_block\" id=\"fcbkbttn_left\"><div class=\"fcbkbttn_button\">\n\t\t\t\t\t<a href=\"https:\/\/www.facebook.com\/1646254928942857\" target=\"_blank\">\n\t\t\t\t\t\t<img decoding=\"async\" src=\"https:\/\/owogs.bs.katowice.pl\/wp-content\/plugins\/facebook-button-plugin\/images\/standard-facebook-ico.png\" alt=\"Fb-Button\" \/>\n\t\t\t\t\t<\/a>\n\t\t\t\t<\/div><div class=\"fcbkbttn_like \"><fb:like href=\"https:\/\/owogs.bs.katowice.pl\/?p=2286\" action=\"like\" colorscheme=\"light\" layout=\"button_count\"  size=\"small\"><\/fb:like><\/div><div class=\"fb-share-button  \" data-href=\"https:\/\/owogs.bs.katowice.pl\/?p=2286\" data-type=\"button_count\" data-size=\"small\"><\/div><\/div>\n<p>Zapraszamy do Biblioteki \u015al\u0105skiej w poniedzia\u0142ek, <strong>15 grudnia 2025 <\/strong>roku, do auli Parnassos (Plac Rady Europy 1, Katowice). Tym razem spotkamy si\u0119 z <strong>20 finalistkami i finalistami.<\/strong><\/p>\n<table style=\"width: 100%; height: 4363px;\" width=\"100%\">\n<tbody>\n<tr style=\"height: 68px;\">\n<td style=\"height: 68px;\" width=\"14%\">\n<p>Godzina<\/p>\n<\/td>\n<td style=\"height: 68px;\" colspan=\"5\" width=\"86%\">\n<p>\u00a0<\/p>\n<\/td>\n<\/tr>\n<tr style=\"height: 68px;\">\n<td style=\"height: 68px;\" width=\"14%\">\n<p>7.45-8.40<\/p>\n<\/td>\n<td style=\"height: 68px;\" colspan=\"5\" width=\"86%\">\n<p>Rejestracja uczestnik\u00f3w, wgrywanie prezentacji<\/p>\n<\/td>\n<\/tr>\n<tr style=\"height: 68px;\">\n<td style=\"height: 68px;\" width=\"14%\">\n<p>8.45-9.00<\/p>\n<\/td>\n<td style=\"height: 68px;\" colspan=\"5\" width=\"86%\">\n<p>Otwarcie konkursu, przypomnienie regulaminu<\/p>\n<\/td>\n<\/tr>\n<tr style=\"height: 68px;\">\n<td style=\"height: 68px;\" width=\"14%\">\n<p>\u00a0<\/p>\n<\/td>\n<td style=\"height: 68px;\" width=\"18%\">\n<p>Uczestnik<\/p>\n<\/td>\n<td style=\"height: 68px;\" colspan=\"2\" width=\"27%\">\n<p>Szko\u0142a<\/p>\n<\/td>\n<td style=\"height: 68px;\" width=\"11%\">\n<p>Nr tematu<\/p>\n<\/td>\n<td style=\"height: 68px;\" width=\"30%\">\n<p>Temat pracy<\/p>\n<\/td>\n<\/tr>\n<tr style=\"height: 121px;\">\n<td style=\"height: 121px;\" colspan=\"6\" width=\"100%\">\n<h4>Geografia regionu<\/h4>\n<p>Komisja: dr hab. Adam Hibszer, Katarzyna Dacy-Ignatiuk, dr Katarzyna Pukowiec-Kurda<\/p>\n<\/td>\n<\/tr>\n<tr style=\"height: 165px;\">\n<td style=\"height: 165px;\" width=\"14%\">\n<p>9.00<\/p>\n<\/td>\n<td style=\"height: 165px;\" width=\"18%\">\n<p>Marta Anderwald<\/p>\n<\/td>\n<td style=\"height: 165px;\" colspan=\"2\" width=\"27%\">\n<p>II Liceum Og\u00f3lnokszta\u0142c\u0105ce im. W. Kilara w Zabrzu<\/p>\n<\/td>\n<td style=\"height: 165px;\" width=\"11%\">\n<p>G.2<\/p>\n<\/td>\n<td style=\"height: 165px;\" width=\"30%\">\n<p>\u015alady upami\u0119tnienia Tragedii G\u00f3rno\u015bl\u0105skiej w przestrzeni publicznej na terenie miast: Zabrze, Gliwice, Bytom.<\/p>\n<\/td>\n<\/tr>\n<tr style=\"height: 198px;\">\n<td style=\"height: 198px;\" width=\"14%\">\n<p>9.15<\/p>\n<\/td>\n<td style=\"height: 198px;\" width=\"18%\">\n<p>Anna Czarnecka<\/p>\n<\/td>\n<td style=\"height: 198px;\" colspan=\"2\" width=\"27%\">\n<p>VIII Liceum Og\u00f3lnokszta\u0142c\u0105ce im. Marii Sk\u0142odowskiej-Curie z Oddzia\u0142ami Dwuj\u0119zycznymi w Katowicach<\/p>\n<\/td>\n<td style=\"height: 198px;\" width=\"11%\">\n<p>G.3<\/p>\n<\/td>\n<td style=\"height: 198px;\" width=\"30%\">\n<p>\u015alady upami\u0119tnienia Tragedii G\u00f3rno\u015bl\u0105skiej w przestrzeni publicznej.<\/p>\n<\/td>\n<\/tr>\n<tr style=\"height: 133px;\">\n<td style=\"height: 133px;\" width=\"14%\">\n<p>9.30<\/p>\n<\/td>\n<td style=\"height: 133px;\" width=\"18%\">\n<p>Szymon Cie\u015bla<\/p>\n<\/td>\n<td style=\"height: 133px;\" colspan=\"2\" width=\"27%\">\n<p>Mi\u0119dzynarodowe Liceum Og\u00f3lnokszta\u0142c\u0105ce w Zabrzu<\/p>\n<\/td>\n<td style=\"height: 133px;\" width=\"11%\">\n<p>G.3<\/p>\n<\/td>\n<td style=\"height: 133px;\" width=\"30%\">\n<p>\u015alady upami\u0119tnienia Tragedii G\u00f3rno\u015bl\u0105skiej w przestrzeni publicznej<\/p>\n<\/td>\n<\/tr>\n<tr style=\"height: 198px;\">\n<td style=\"height: 198px;\" width=\"14%\">\n<p>9.45<\/p>\n<\/td>\n<td style=\"height: 198px;\" width=\"18%\">\n<p>Katarzyna Pyka<\/p>\n<\/td>\n<td style=\"height: 198px;\" colspan=\"2\" width=\"27%\">\n<p>II Liceum Og\u00f3lnokszta\u0142c\u0105ce z Oddzia\u0142ami Dwuj\u0119zycznymi im. Gustawa Morcinka w Rudzie \u015al\u0105skiej<\/p>\n<\/td>\n<td style=\"height: 198px;\" width=\"11%\">\n<p>G.3<\/p>\n<\/td>\n<td style=\"height: 198px;\" width=\"30%\">\n<p>Tragedia G\u00f3rno\u015bl\u0105ska w \u015bwiadomo\u015bci mieszka\u0144c\u00f3w wybranej miejscowo\u015bci.<\/p>\n<\/td>\n<\/tr>\n<tr style=\"height: 68px;\">\n<td style=\"height: 68px;\" colspan=\"3\" width=\"50%\">\n<p>Przerwa (10 min)<\/p>\n<\/td>\n<td style=\"height: 68px;\" colspan=\"3\" width=\"50%\">\n<p>Obrady komisji<\/p>\n<\/td>\n<\/tr>\n<tr style=\"height: 121px;\">\n<td style=\"height: 121px;\" colspan=\"6\" width=\"100%\">\n<h4>Historia G\u00f3rnego \u015al\u0105ska<\/h4>\n<p>Komisja: dr Halina Noco\u0144, Magdalena Wieczorek, dr Janusz Mokrosz<\/p>\n<\/td>\n<\/tr>\n<tr style=\"height: 133px;\">\n<td style=\"height: 133px;\" width=\"14%\">\n<p>10.10<\/p>\n<\/td>\n<td style=\"height: 133px;\" width=\"18%\">\n<p>Roksana G\u00f3\u017ad\u017a<\/p>\n<\/td>\n<td style=\"height: 133px;\" colspan=\"2\" width=\"27%\">\n<p>Zesp\u00f3\u0142 Szk\u00f3\u0142 nr 1 im. Gustawa Morcinka w Tychach<\/p>\n<\/td>\n<td style=\"height: 133px;\" width=\"11%\">\n<p>H.1<\/p>\n<\/td>\n<td style=\"height: 133px;\" width=\"30%\">\n<p>Tragedia w cieniu \u201ewyzwolenia\u201d<\/p>\n<\/td>\n<\/tr>\n<tr style=\"height: 133px;\">\n<td style=\"height: 133px;\" width=\"14%\">\n<p>10.25<\/p>\n<\/td>\n<td style=\"height: 133px;\" width=\"18%\">\n<p>Zuzanna Ja\u015bko<\/p>\n<\/td>\n<td style=\"height: 133px;\" colspan=\"2\" width=\"27%\">\n<p>Salezja\u0144skie Technikum Publiczne w \u015awi\u0119toch\u0142owicach<\/p>\n<\/td>\n<td style=\"height: 133px;\" width=\"11%\">\n<p>H.1<\/p>\n<\/td>\n<td style=\"height: 133px;\" width=\"30%\">\n<p>\u00a0\u201eCena wyzwolenia \u2013 dramat G\u00f3rno\u015bl\u0105zak\u00f3w po wkroczeniu Armii Czerwonej\u201d<\/p>\n<\/td>\n<\/tr>\n<tr style=\"height: 165px;\">\n<td style=\"height: 165px;\" width=\"14%\">\n<p>10.40<\/p>\n<\/td>\n<td style=\"height: 165px;\" width=\"18%\">\n<p>Zofia \u0141ysik<\/p>\n<\/td>\n<td style=\"height: 165px;\" colspan=\"2\" width=\"27%\">\n<p>I Liceum Og\u00f3lnokszta\u0142c\u0105ce Dwuj\u0119zyczne im. Edwarda Dembowskiego w Gliwicach<\/p>\n<\/td>\n<td style=\"height: 165px;\" width=\"11%\">\n<p>H.1<\/p>\n<\/td>\n<td style=\"height: 165px;\" width=\"30%\">\n<p>\u00a0\u201eTragedia w cieniu wyzwolenia\u201d<\/p>\n<\/td>\n<\/tr>\n<tr style=\"height: 133px;\">\n<td style=\"height: 133px;\" width=\"14%\">\n<p>10.55<\/p>\n<\/td>\n<td style=\"height: 133px;\" width=\"18%\">\n<p>Marcel Musik<\/p>\n<\/td>\n<td style=\"height: 133px;\" colspan=\"2\" width=\"27%\">\n<p>II Liceum Og\u00f3lnokszta\u0142c\u0105ce im. W. Kilara w Zabrzu<\/p>\n<\/td>\n<td style=\"height: 133px;\" width=\"11%\">\n<p>H.1<\/p>\n<\/td>\n<td style=\"height: 133px;\" width=\"30%\">\n<p>Historia i konsekwencje wkroczenia Armii Czerwonej na G\u00f3rny \u015al\u0105sk w 1945 r.<\/p>\n<\/td>\n<\/tr>\n<tr style=\"height: 133px;\">\n<td style=\"height: 133px;\" width=\"14%\">\n<p>11.10<\/p>\n<\/td>\n<td style=\"height: 133px;\" width=\"18%\">\n<p>Amadeusz Olejniczak<\/p>\n<\/td>\n<td style=\"height: 133px;\" colspan=\"2\" width=\"27%\">\n<p>Zesp\u00f3\u0142 Szk\u00f3\u0142 Technicznych i Og\u00f3lnokszta\u0142c\u0105cych nr 4 w Chorzowie<\/p>\n<\/td>\n<td style=\"height: 133px;\" width=\"11%\">\n<p>H.1<\/p>\n<\/td>\n<td style=\"height: 133px;\" width=\"30%\">\n<p>Tragedia G\u00f3rno\u015bl\u0105ska na przyk\u0142adzie Rudy \u015al\u0105skiej<\/p>\n<\/td>\n<\/tr>\n<tr style=\"height: 165px;\">\n<td style=\"height: 165px;\" width=\"14%\">\n<p>11.25<\/p>\n<\/td>\n<td style=\"height: 165px;\" width=\"18%\">\n<p>Karol Spyra<\/p>\n<\/td>\n<td style=\"height: 165px;\" colspan=\"2\" width=\"27%\">\n<p>II Liceum Og\u00f3lnokszta\u0142c\u0105ce im. Marii Konopnickiej z Oddzia\u0142ami Dwuj\u0119zycznymi w Katowicach<\/p>\n<\/td>\n<td style=\"height: 165px;\" width=\"11%\">\n<p>H.1<\/p>\n<\/td>\n<td style=\"height: 165px;\" width=\"30%\">\n<p>,,Represje G\u00f3rno\u015bl\u0105zak\u00f3w po II wojnie \u015bwiatowej na przyk\u0142adzie mojej rodziny\u201d<\/p>\n<\/td>\n<\/tr>\n<tr style=\"height: 165px;\">\n<td style=\"height: 165px;\" width=\"14%\">\n<p>11.40<\/p>\n<\/td>\n<td style=\"height: 165px;\" width=\"18%\">\n<p>Oliwia Kaczmarek<\/p>\n<\/td>\n<td style=\"height: 165px;\" colspan=\"2\" width=\"27%\">\n<p>IV Liceum Og\u00f3lnokszta\u0142c\u0105ce im. gen. Stanis\u0142awa Maczka w Katowicach<\/p>\n<\/td>\n<td style=\"height: 165px;\" width=\"11%\">\n<p>H.2<\/p>\n<\/td>\n<td style=\"height: 165px;\" width=\"30%\">\n<p>\u00a0\u201e\u015awiadectwo Tragedii G\u00f3rno\u015bl\u0105skiej\u201d<\/p>\n<\/td>\n<\/tr>\n<tr style=\"height: 165px;\">\n<td style=\"height: 165px;\" width=\"14%\">\n<p>11.55<\/p>\n<\/td>\n<td style=\"height: 165px;\" width=\"18%\">\n<p>Bartosz Poniewierski<\/p>\n<\/td>\n<td style=\"height: 165px;\" colspan=\"2\" width=\"27%\">\n<p>I Liceum Og\u00f3lnokszta\u0142c\u0105ce im. 14 Pu\u0142ku Powsta\u0144c\u00f3w \u015al\u0105skich w Wodzis\u0142awiu \u015al\u0105skim<\/p>\n<\/td>\n<td style=\"height: 165px;\" width=\"11%\">\n<p>H.2<\/p>\n<\/td>\n<td style=\"height: 165px;\" width=\"30%\">\n<p>Daleko \u00f4d cha\u0142py \u2013 wyw\u00f3zki do ZSRR, \u017cycie w obozach i powroty \u015al\u0105zak\u00f3w w 1945 roku<\/p>\n<\/td>\n<\/tr>\n<tr style=\"height: 165px;\">\n<td style=\"height: 165px;\" width=\"14%\">\n<p>12.10<\/p>\n<\/td>\n<td style=\"height: 165px;\" width=\"18%\">\n<p>Magdalena Stolarczyk<\/p>\n<\/td>\n<td style=\"height: 165px;\" colspan=\"2\" width=\"27%\">\n<p>I Liceum Og\u00f3lnokszta\u0142c\u0105ce Dwuj\u0119zyczne im. Edwarda Dembowskiego w Gliwicach<\/p>\n<\/td>\n<td style=\"height: 165px;\" width=\"11%\">\n<p>H.2<\/p>\n<\/td>\n<td style=\"height: 165px;\" width=\"30%\">\n<p>\u00a0\u201eNa nieludzkiej ziemi\u201d<\/p>\n<\/td>\n<\/tr>\n<tr style=\"height: 133px;\">\n<td style=\"height: 133px;\" width=\"14%\">\n<p>12.30<\/p>\n<\/td>\n<td style=\"height: 133px;\" width=\"18%\">\n<p>Nadia Stabla<\/p>\n<\/td>\n<td style=\"height: 133px;\" colspan=\"2\" width=\"27%\">\n<p>I Liceum Og\u00f3lnokszta\u0142c\u0105ce im. Leona Kruczkowskiego w Tychach<\/p>\n<\/td>\n<td style=\"height: 133px;\" width=\"11%\">\n<p>H.3<\/p>\n<\/td>\n<td style=\"height: 133px;\" width=\"30%\">\n<p>\u00a0\u201eNiy mogymy o tym goda\u0107&#8230;\u201d od pami\u0119ci prywatnej do bada\u0144 historycznych.<\/p>\n<\/td>\n<\/tr>\n<tr style=\"height: 68px;\">\n<td style=\"height: 68px;\" colspan=\"3\" width=\"50%\">\n<p>Przerwa (10 min)<\/p>\n<\/td>\n<td style=\"height: 68px;\" colspan=\"3\" width=\"50%\">\n<p>Obrady komisji<\/p>\n<\/td>\n<\/tr>\n<tr style=\"height: 121px;\">\n<td style=\"height: 121px;\" colspan=\"6\" width=\"100%\">\n<h4>Wieloj\u0119zyczna literatura dotycz\u0105c\u0105 regionu oraz\u00a0dialektu \u015bl\u0105skiego<\/h4>\n<p>Komisja: dr Daniela Dylus, dr Krystian W\u0119grzynek, Aleksander Lysko<\/p>\n<\/td>\n<\/tr>\n<tr style=\"height: 133px;\">\n<td style=\"height: 133px;\" width=\"14%\">\n<p>12.55<\/p>\n<\/td>\n<td style=\"height: 133px;\" width=\"18%\">\n<p>Zofia Gral<\/p>\n<\/td>\n<td style=\"height: 133px;\" colspan=\"2\" width=\"27%\">\n<p>I Liceum Og\u00f3lnokszta\u0142c\u0105ce im. Jana \u015aniadeckiego w Siemianowicach \u015al\u0105skich<\/p>\n<\/td>\n<td style=\"height: 133px;\" width=\"11%\">\n<p>L.2<\/p>\n<\/td>\n<td style=\"height: 133px;\" width=\"30%\">\n<p>G\u00f3rno\u015bl\u0105scy bohaterowie tragiczni<\/p>\n<\/td>\n<\/tr>\n<tr style=\"height: 198px;\">\n<td style=\"height: 198px;\" width=\"14%\">\n<p>13.10<\/p>\n<\/td>\n<td style=\"height: 198px;\" width=\"18%\">\n<p>Jan Jasi\u0144ski<\/p>\n<\/td>\n<td style=\"height: 198px;\" colspan=\"2\" width=\"27%\">\n<p>VII Liceum Og\u00f3lnokszta\u0142c\u0105ce im. Harcerzy Obro\u0144c\u00f3w Katowic w Katowicach<\/p>\n<\/td>\n<td style=\"height: 198px;\" width=\"11%\">\n<p>L.2<\/p>\n<\/td>\n<td style=\"height: 198px;\" width=\"30%\">\n<p>\u201eNigdzie u siebie \u2013 portret psychologiczny mieszka\u0144c\u00f3w pogranicza w \u015bwietle nieustannego redefiniowania przynale\u017cno\u015bci.\u201d<\/p>\n<\/td>\n<\/tr>\n<tr style=\"height: 133px;\">\n<td style=\"height: 133px;\" width=\"14%\">\n<p>13.30<\/p>\n<\/td>\n<td style=\"height: 133px;\" width=\"18%\">\n<p>Bartosz Krakowiak<\/p>\n<\/td>\n<td style=\"height: 133px;\" colspan=\"2\" width=\"27%\">\n<p>Zesp\u00f3\u0142 Szk\u00f3\u0142 nr 1 im. Gustawa Morcinka w Tychach<\/p>\n<\/td>\n<td style=\"height: 133px;\" width=\"11%\">\n<p>L.2<\/p>\n<\/td>\n<td style=\"height: 133px;\" width=\"30%\">\n<p>Tragizm G\u00f3rno\u015bl\u0105zak\u00f3w w tekstach kultury<\/p>\n<\/td>\n<\/tr>\n<tr style=\"height: 133px;\">\n<td style=\"height: 133px;\" width=\"14%\">\n<p>13.45<\/p>\n<\/td>\n<td style=\"height: 133px;\" width=\"18%\">\n<p>Adrianna Wro\u0144ska<\/p>\n<\/td>\n<td style=\"height: 133px;\" colspan=\"2\" width=\"27%\">\n<p>I Liceum Og\u00f3lnokszta\u0142c\u0105ce im. Jana \u015aniadeckiego w Siemianowicach \u015al\u0105skich<\/p>\n<\/td>\n<td style=\"height: 133px;\" width=\"11%\">\n<p>L.2<\/p>\n<\/td>\n<td style=\"height: 133px;\" width=\"30%\">\n<p>G\u00f3rno\u015bl\u0105scy bohaterowie tragiczni<\/p>\n<\/td>\n<\/tr>\n<tr style=\"height: 133px;\">\n<td style=\"height: 133px;\" width=\"14%\">\n<p>14.00<\/p>\n<\/td>\n<td style=\"height: 133px;\" width=\"18%\">\n<p>Wiktor Ro\u017cek<\/p>\n<\/td>\n<td style=\"height: 133px;\" colspan=\"2\" width=\"27%\">\n<p>Zesp\u00f3\u0142 Szk\u00f3\u0142 nr 1 im. Gustawa Morcinka w Tychach<\/p>\n<\/td>\n<td style=\"height: 133px;\" width=\"11%\">\n<p>L.3<\/p>\n<\/td>\n<td style=\"height: 133px;\" width=\"30%\">\n<p>Dyskryminacja j\u0119zykowa na G\u00f3rnym \u015al\u0105sku w XIX i XX wieku<\/p>\n<\/td>\n<\/tr>\n<tr style=\"height: 68px;\">\n<td style=\"height: 68px;\" colspan=\"3\" width=\"50%\">\n<p>Przerwa (5 min)<\/p>\n<\/td>\n<td style=\"height: 68px;\" colspan=\"3\" width=\"50%\">\n<p>Obrady komisji<\/p>\n<\/td>\n<\/tr>\n<tr style=\"height: 118px;\">\n<td style=\"height: 118px;\" colspan=\"6\" width=\"100%\">\n<p><strong>Sztuka i dziedzictwo kulturowe<\/strong><\/p>\n<p>Komisja: S\u0142awomir Jarzyna, Aleksander Lysko, dr Daniela Dylus<\/p>\n<\/td>\n<\/tr>\n<tr style=\"height: 133px;\">\n<td style=\"height: 133px;\" width=\"14%\">\n<p>14.20<\/p>\n<\/td>\n<td style=\"height: 133px;\" width=\"18%\">\n<p>\u0141ukasz Olszyczka<\/p>\n<\/td>\n<td style=\"height: 133px;\" colspan=\"2\" width=\"27%\">\n<p>I Liceum Og\u00f3lnokszta\u0142c\u0105ce im. M. Kopernika w Katowicach<\/p>\n<\/td>\n<td style=\"height: 133px;\" width=\"11%\">\n<p>SziD.1<\/p>\n<\/td>\n<td style=\"height: 133px;\" width=\"30%\">\n<p>\u00a0\u201eHistoria, kt\u00f3ra nas otacza, czyli czy wystarczy uwa\u017cnie patrze\u0107, by widzie\u0107 wi\u0119cej?\u201d<\/p>\n<\/td>\n<\/tr>\n<tr style=\"height: 68px;\">\n<td style=\"height: 68px;\" colspan=\"6\" width=\"100%\">\n<p>Przerwa<\/p>\n<\/td>\n<\/tr>\n<tr style=\"height: 100px;\">\n<td style=\"height: 100px;\" width=\"14%\">\n<p>14.35-15.00<\/p>\n<\/td>\n<td style=\"height: 100px;\" width=\"18%\">\n<p>Przerwa obiadowa<\/p>\n<\/td>\n<td style=\"height: 100px;\" colspan=\"2\" width=\"27%\">\n<p>14.35-15.00<\/p>\n<\/td>\n<td style=\"height: 100px;\" colspan=\"2\" width=\"41%\">\n<p>Obrady komisji<\/p>\n<\/td>\n<\/tr>\n<tr style=\"height: 100px;\">\n<td style=\"height: 100px;\" width=\"14%\">\n<p>15.00-16.10<\/p>\n<\/td>\n<td style=\"height: 100px;\" width=\"18%\">\n<p>Projekcja filmu dla uczestnik\u00f3w<\/p>\n<\/td>\n<td style=\"height: 100px;\" colspan=\"2\" width=\"27%\">\n<p>15.00-16.10<\/p>\n<\/td>\n<td style=\"height: 100px;\" colspan=\"2\" width=\"41%\">\n<p>Obrady Komitetu G\u0142\u00f3wnego, ustalenie wynik\u00f3w<\/p>\n<\/td>\n<\/tr>\n<tr style=\"height: 68px;\">\n<td style=\"height: 68px;\" width=\"14%\">\n<p>16.10<\/p>\n<\/td>\n<td style=\"height: 68px;\" colspan=\"5\" width=\"86%\">\n<p>Wr\u0119czenie nagr\u00f3d<\/p>\n<\/td>\n<\/tr>\n<\/tbody>\n<\/table>\n<p>\u00a0<\/p>\n","protected":false},"excerpt":{"rendered":"<p>Zapraszamy do Biblioteki \u015al\u0105skiej w poniedzia\u0142ek, 15 grudnia 2025 roku, do auli Parnassos (Plac Rady Europy 1, Katowice). Tym razem spotkamy si\u0119 z 20 finalistkami i finalistami. Godzina \u00a0 7.45-8.40 Rejestracja uczestnik\u00f3w, wgrywanie prezentacji 8.45-9.00 Otwarcie konkursu, przypomnienie regulaminu \u00a0 Uczestnik Szko\u0142a Nr tematu Temat pracy Geografia regionu Komisja: dr hab. Adam Hibszer, Katarzyna Dacy-Ignatiuk, [&hellip;]<\/p>\n","protected":false},"author":1,"featured_media":2034,"comment_status":"closed","ping_status":"open","sticky":false,"template":"","format":"standard","meta":{"footnotes":""},"categories":[24],"tags":[],"class_list":["post-2286","post","type-post","status-publish","format-standard","has-post-thumbnail","hentry","category-xv-edycja"],"_links":{"self":[{"href":"https:\/\/owogs.bs.katowice.pl\/index.php?rest_route=\/wp\/v2\/posts\/2286","targetHints":{"allow":["GET"]}}],"collection":[{"href":"https:\/\/owogs.bs.katowice.pl\/index.php?rest_route=\/wp\/v2\/posts"}],"about":[{"href":"https:\/\/owogs.bs.katowice.pl\/index.php?rest_route=\/wp\/v2\/types\/post"}],"author":[{"embeddable":true,"href":"https:\/\/owogs.bs.katowice.pl\/index.php?rest_route=\/wp\/v2\/users\/1"}],"replies":[{"embeddable":true,"href":"https:\/\/owogs.bs.katowice.pl\/index.php?rest_route=%2Fwp%2Fv2%2Fcomments&post=2286"}],"version-history":[{"count":3,"href":"https:\/\/owogs.bs.katowice.pl\/index.php?rest_route=\/wp\/v2\/posts\/2286\/revisions"}],"predecessor-version":[{"id":2289,"href":"https:\/\/owogs.bs.katowice.pl\/index.php?rest_route=\/wp\/v2\/posts\/2286\/revisions\/2289"}],"wp:featuredmedia":[{"embeddable":true,"href":"https:\/\/owogs.bs.katowice.pl\/index.php?rest_route=\/wp\/v2\/media\/2034"}],"wp:attachment":[{"href":"https:\/\/owogs.bs.katowice.pl\/index.php?rest_route=%2Fwp%2Fv2%2Fmedia&parent=2286"}],"wp:term":[{"taxonomy":"category","embeddable":true,"href":"https:\/\/owogs.bs.katowice.pl\/index.php?rest_route=%2Fwp%2Fv2%2Fcategories&post=2286"},{"taxonomy":"post_tag","embeddable":true,"href":"https:\/\/owogs.bs.katowice.pl\/index.php?rest_route=%2Fwp%2Fv2%2Ftags&post=2286"}],"curies":[{"name":"wp","href":"https:\/\/api.w.org\/{rel}","templated":true}]}}