{"id":2201,"date":"2025-03-17T10:33:05","date_gmt":"2025-03-17T09:33:05","guid":{"rendered":"https:\/\/owogs.bs.katowice.pl\/?p=2201"},"modified":"2026-03-10T09:17:36","modified_gmt":"2026-03-10T08:17:36","slug":"literatura-do-testu-szkolnego-3","status":"publish","type":"post","link":"https:\/\/owogs.bs.katowice.pl\/?p=2201","title":{"rendered":"Literatura do testu szkolnego"},"content":{"rendered":"<div class=\"fcbkbttn_buttons_block\" id=\"fcbkbttn_left\"><div class=\"fcbkbttn_button\">\n\t\t\t\t\t<a href=\"https:\/\/www.facebook.com\/1646254928942857\" target=\"_blank\">\n\t\t\t\t\t\t<img decoding=\"async\" src=\"https:\/\/owogs.bs.katowice.pl\/wp-content\/plugins\/facebook-button-plugin\/images\/standard-facebook-ico.png\" alt=\"Fb-Button\" \/>\n\t\t\t\t\t<\/a>\n\t\t\t\t<\/div><div class=\"fcbkbttn_like \"><fb:like href=\"https:\/\/owogs.bs.katowice.pl\/?p=2201\" action=\"like\" colorscheme=\"light\" layout=\"button_count\"  size=\"small\"><\/fb:like><\/div><div class=\"fb-share-button  \" data-href=\"https:\/\/owogs.bs.katowice.pl\/?p=2201\" data-type=\"button_count\" data-size=\"small\"><\/div><\/div>\n<h4><b>I. <\/b><b>Geografia regionu<\/b><b> (tre\u015bci przyrodnicze i spo\u0142eczno-gospodarcze)<\/b><\/h4>\n<ol>\n<li><span style=\"font-weight: 400;\">Platforma Edukacji Regionalnej \u201eEdu\u015b&#8221;, Ze szczyt\u00f3w g\u00f3r ku nizinom (jednostki fizycznogeograficzne wojew\u00f3dztwa \u015bl\u0105skiego), Instytut Bada\u0144 Regionalnych Biblioteki \u015al\u0105skiej.<\/span><\/li>\n<\/ol>\n<p><a href=\"https:\/\/edus.ibrbs.pl\/ze-szczytow-gor-ku-nizinom\/\"><span style=\"font-weight: 400;\">https:\/\/edus.ibrbs.pl\/ze-szczytow-gor-ku-nizinom\/<\/span><\/a><span style=\"font-weight: 400;\">&nbsp;<\/span><\/p>\n<ol start=\"2\">\n<li><span style=\"font-weight: 400;\">Platforma Edukacji Regionalnej \u201eEdu\u015b&#8221;, Subregiony wojew\u00f3dztwa \u015bl\u0105skiego, Instytut Bada\u0144 Regionalnych Biblioteki \u015al\u0105skiej. (tylko w obr\u0119bie obszaru G\u00f3rnego \u015al\u0105ska).<\/span><\/li>\n<\/ol>\n<p><a href=\"https:\/\/edus.ibrbs.pl\/subregiony-wojewodztwa-slaskiego\/\"><span style=\"font-weight: 400;\">https:\/\/edus.ibrbs.pl\/subregiony-wojewodztwa-slaskiego\/<\/span><\/a><span style=\"font-weight: 400;\">&nbsp;<\/span><\/p>\n\n\n\n<h4><b>II. <\/b><b>Historia G\u00f3rnego \u015al\u0105ska<\/b><b> ze szczeg\u00f3lnym uwzgl\u0119dnieniem historii po 1740 roku<\/b><\/h4>\n<ol>\n<li style=\"font-weight: 400;\" aria-level=\"1\"><span style=\"font-weight: 400;\">Platforma Edukacji Regionalnej \u201eEdu\u015b&#8221;,Zmieniaj\u0105ce si\u0119 granice, Instytut Bada\u0144 Regionalnych Biblioteki \u015al\u0105skiej<\/span><span style=\"font-weight: 400;\">&nbsp;<\/span><\/li>\n<\/ol>\n<p><a href=\"https:\/\/edus.ibrbs.pl\/zmieniajace-sie-granice\/\"><span style=\"font-weight: 400;\">https:\/\/edus.ibrbs.pl\/zmieniajace-sie-granice\/<\/span><\/a><span style=\"font-weight: 400;\">&nbsp; podrozdzia\u0142 2.&nbsp;<\/span><\/p>\n<p><span style=\"font-weight: 400;\">2. R. Kaczmarek, <\/span><i><span style=\"font-weight: 400;\">Co znaczy Tragedia G\u00f3rno\u015bl\u0105ska 1945<\/span><\/i><span style=\"font-weight: 400;\">, \u201eFabryka Silesia\u201d 2015, nr 1, s.11 [definicja]<\/span><\/p>\n<p><a href=\"https:\/\/sbc.org.pl\/publication\/717218\"><span style=\"font-weight: 400;\">https:\/\/sbc.org.pl\/publication\/717218<\/span><\/a><\/p>\n\n\n\n<h4><b>III. Wieloj\u0119zyczna <\/b><b>literatura dotycz\u0105c\u0105 regionu oraz dialektu \u015bl\u0105skiego<\/b><\/h4>\n<ol>\n<li><span style=\"font-weight: 400;\">R. Bednarczyk, <\/span><i><span style=\"font-weight: 400;\">Nienapisana powie\u015b\u0107<\/span><\/i><span style=\"font-weight: 400;\">, \u201cFabryka Silesia\u201d 2015, nr 1, s. 75.<\/span><\/li>\n<\/ol>\n<p><a href=\"https:\/\/sbc.org.pl\/publication\/717218\"><span style=\"font-weight: 400;\">https:\/\/sbc.org.pl\/publication\/717218<\/span><\/a><\/p>\n<ol start=\"2\">\n<li><span style=\"font-weight: 400;\"> K. W\u0119grzynek, <\/span><i><span style=\"font-weight: 400;\">Literatura w latach 1945-1956&#8243;<\/span><\/i><span style=\"font-weight: 400;\"> Cz\u0119\u015b\u0107 has\u0142a <\/span><a href=\"https:\/\/ibrbs.pl\/index.php\/Literatura_1945-1989\"><span style=\"font-weight: 400;\">https:\/\/ibrbs.pl\/index.php\/Literatura_1945-1989<\/span><\/a><\/li>\n<\/ol>\n\n\n\n<h4><b>IV. Sztuka i dziedzictwo kulturowe<\/b><\/h4>\n<ol>\n<li>\n<p><span style=\"font-weight: 400;\"><em>Gdy Muzy milcz\u0105\u2026 Z prof. Ew\u0105 Chojecka rozmawia Krzysztof Karwat,<\/em> \u201cFabryka Silesia\u201d <\/span><span style=\"font-weight: 400;\">s. 57-60.<\/span><\/p>\n<a href=\"https:\/\/sbc.org.pl\/publication\/717218\"><span style=\"font-weight: 400;\">https:\/\/sbc.org.pl\/publication\/717218<\/span><\/a><\/li>\n<\/ol>\n","protected":false},"excerpt":{"rendered":"<p>I. Geografia regionu (tre\u015bci przyrodnicze i spo\u0142eczno-gospodarcze) Platforma Edukacji Regionalnej \u201eEdu\u015b&#8221;, Ze szczyt\u00f3w g\u00f3r ku nizinom (jednostki fizycznogeograficzne wojew\u00f3dztwa \u015bl\u0105skiego), Instytut Bada\u0144 Regionalnych Biblioteki \u015al\u0105skiej. https:\/\/edus.ibrbs.pl\/ze-szczytow-gor-ku-nizinom\/&nbsp; Platforma Edukacji Regionalnej \u201eEdu\u015b&#8221;, Subregiony wojew\u00f3dztwa \u015bl\u0105skiego, Instytut Bada\u0144 Regionalnych Biblioteki \u015al\u0105skiej. (tylko w obr\u0119bie obszaru G\u00f3rnego \u015al\u0105ska). https:\/\/edus.ibrbs.pl\/subregiony-wojewodztwa-slaskiego\/&nbsp; II. Historia G\u00f3rnego \u015al\u0105ska ze szczeg\u00f3lnym uwzgl\u0119dnieniem historii po 1740 [&hellip;]<\/p>\n","protected":false},"author":1,"featured_media":1966,"comment_status":"closed","ping_status":"open","sticky":false,"template":"","format":"standard","meta":{"footnotes":""},"categories":[24],"tags":[],"class_list":["post-2201","post","type-post","status-publish","format-standard","has-post-thumbnail","hentry","category-xv-edycja"],"_links":{"self":[{"href":"https:\/\/owogs.bs.katowice.pl\/index.php?rest_route=\/wp\/v2\/posts\/2201","targetHints":{"allow":["GET"]}}],"collection":[{"href":"https:\/\/owogs.bs.katowice.pl\/index.php?rest_route=\/wp\/v2\/posts"}],"about":[{"href":"https:\/\/owogs.bs.katowice.pl\/index.php?rest_route=\/wp\/v2\/types\/post"}],"author":[{"embeddable":true,"href":"https:\/\/owogs.bs.katowice.pl\/index.php?rest_route=\/wp\/v2\/users\/1"}],"replies":[{"embeddable":true,"href":"https:\/\/owogs.bs.katowice.pl\/index.php?rest_route=%2Fwp%2Fv2%2Fcomments&post=2201"}],"version-history":[{"count":2,"href":"https:\/\/owogs.bs.katowice.pl\/index.php?rest_route=\/wp\/v2\/posts\/2201\/revisions"}],"predecessor-version":[{"id":2217,"href":"https:\/\/owogs.bs.katowice.pl\/index.php?rest_route=\/wp\/v2\/posts\/2201\/revisions\/2217"}],"wp:featuredmedia":[{"embeddable":true,"href":"https:\/\/owogs.bs.katowice.pl\/index.php?rest_route=\/wp\/v2\/media\/1966"}],"wp:attachment":[{"href":"https:\/\/owogs.bs.katowice.pl\/index.php?rest_route=%2Fwp%2Fv2%2Fmedia&parent=2201"}],"wp:term":[{"taxonomy":"category","embeddable":true,"href":"https:\/\/owogs.bs.katowice.pl\/index.php?rest_route=%2Fwp%2Fv2%2Fcategories&post=2201"},{"taxonomy":"post_tag","embeddable":true,"href":"https:\/\/owogs.bs.katowice.pl\/index.php?rest_route=%2Fwp%2Fv2%2Ftags&post=2201"}],"curies":[{"name":"wp","href":"https:\/\/api.w.org\/{rel}","templated":true}]}}