{"id":2142,"date":"2024-11-18T13:00:00","date_gmt":"2024-11-18T12:00:00","guid":{"rendered":"https:\/\/owogs.bs.katowice.pl\/?p=2142"},"modified":"2026-03-10T09:18:59","modified_gmt":"2026-03-10T08:18:59","slug":"lista-osob-zakwalifikowanych-do-finalu-xiv-edycji","status":"publish","type":"post","link":"https:\/\/owogs.bs.katowice.pl\/?p=2142","title":{"rendered":"Lista os\u00f3b zakwalifikowanych do fina\u0142u XIV edycji"},"content":{"rendered":"<div class=\"fcbkbttn_buttons_block\" id=\"fcbkbttn_left\"><div class=\"fcbkbttn_button\">\n\t\t\t\t\t<a href=\"https:\/\/www.facebook.com\/1646254928942857\" target=\"_blank\">\n\t\t\t\t\t\t<img decoding=\"async\" src=\"https:\/\/owogs.bs.katowice.pl\/wp-content\/plugins\/facebook-button-plugin\/images\/standard-facebook-ico.png\" alt=\"Fb-Button\" \/>\n\t\t\t\t\t<\/a>\n\t\t\t\t<\/div><div class=\"fcbkbttn_like \"><fb:like href=\"https:\/\/owogs.bs.katowice.pl\/?p=2142\" action=\"like\" colorscheme=\"light\" layout=\"button_count\"  size=\"small\"><\/fb:like><\/div><div class=\"fb-share-button  \" data-href=\"https:\/\/owogs.bs.katowice.pl\/?p=2142\" data-type=\"button_count\" data-size=\"small\"><\/div><\/div>\n<p>Przedstawiamy list\u0119 16 os\u00f3b, kt\u00f3re po ocenie prac przez juror\u00f3w otrzyma\u0142y minimum 75 punkt\u00f3w:<\/p>\n<table style=\"border-collapse: collapse; width: 100%; height: 414px;\">\n<tbody>\n<tr style=\"height: 23px;\">\n<td style=\"width: 25%; height: 23px;\">Uczestnik<\/td>\n<td style=\"width: 25%; height: 23px;\">Szko\u0142a<\/td>\n<td style=\"width: 14.5238%; height: 23px;\">Nr tematu<\/td>\n<td style=\"width: 35.4762%; height: 23px;\">Temat pracy<\/td>\n<\/tr>\n<tr>\n<td style=\"width: 25%;\" width=\"116\">Alicja Idczak<\/td>\n<td style=\"width: 25%;\" width=\"167\">Zesp\u00f3\u0142 Szk\u00f3\u0142 nr 1 im. Gustawa Morcinka w Tychach<\/td>\n<td style=\"width: 14.5238%; height: 23px;\">G.2<\/td>\n<td style=\"width: 35.4762%;\" width=\"213\">Park Suble w Tychach<br \/>&#8211; propozycja ochrony.<\/td>\n<\/tr>\n<tr>\n<td style=\"width: 25%;\" width=\"116\">Julia Kwa\u015bniewska<\/td>\n<td style=\"width: 25%;\" width=\"167\">III Liceum Og\u00f3lnokszta\u0142c\u0105ce im. Adma Mickiewicza w Katowicach<\/td>\n<td style=\"width: 14.5238%; height: 23px;\">G.3<\/td>\n<td style=\"width: 35.4762%;\" width=\"213\">Katowice \u2013 harmonijna gmina o wyj\u0105tkowych walorach przyrodniczych, kulturowych i spo\u0142ecznych.<\/td>\n<\/tr>\n<tr>\n<td style=\"width: 25%;\" width=\"116\">Malwina Durczy\u0144ska<\/td>\n<td style=\"width: 25%;\" width=\"167\">III Liceum Og\u00f3lnokszta\u0142c\u0105ce im. Adma Mickiewicza w Katowicach<\/td>\n<td style=\"width: 14.5238%; height: 23px;\">G.3<\/td>\n<td style=\"width: 35.4762%;\" width=\"213\">Moja \u201eniezwyk\u0142a\u201d gmina. Geograficzny opis gminy, w kt\u00f3rej<br \/>mieszkam lub si\u0119 ucz\u0119.<\/td>\n<\/tr>\n<tr>\n<td style=\"width: 25%;\" width=\"116\">Robert Halski<\/td>\n<td style=\"width: 25%;\" width=\"167\">Zesp\u00f3\u0142 Szk\u00f3\u0142 nr 1 im. Gustawa Morcinka w Tychach<\/td>\n<td style=\"width: 14.5238%; height: 23px;\">G.3<\/td>\n<td style=\"width: 35.4762%;\" width=\"213\">Moja \u201eniezwyk\u0142a\u201d gmina \u0141aziska G\u00f3rne.<\/td>\n<\/tr>\n<tr>\n<td style=\"width: 25%;\" width=\"116\">Mateusz Partyka<\/td>\n<td style=\"width: 25%;\" width=\"167\">VIII Liceum Og\u00f3lnokszta\u0142c\u0105ce im. Marii Sk\u0142odowskiej-Curie z Oddzia\u0142ami Dwuj\u0119zycznymi w Katowicach<\/td>\n<td style=\"width: 14.5238%; height: 23px;\">H.1<\/td>\n<td style=\"width: 35.4762%;\" width=\"213\">\u201eDrei Kaiser Ecke\u201d i jego wp\u0142yw na \u017cycie mieszka\u0144c\u00f3w.<\/td>\n<\/tr>\n<tr>\n<td style=\"width: 25%;\" width=\"116\">Zuzanna Sob\u00f3l<\/td>\n<td style=\"width: 25%;\" width=\"167\">I Liceum Og\u00f3lnokszta\u0142c\u0105ce im. Miko\u0142aja Kopernika w Katowicach<\/td>\n<td style=\"width: 14.5238%; height: 23px;\">H.1<\/td>\n<td style=\"width: 35.4762%;\" width=\"213\">\u201eG\u00f3rno\u015bl\u0105skie tr\u00f3jstyki dawniej i dzi\u015b \u2013 rzecz o miejscach niezwyk\u0142ych i ich wp\u0142ywie na \u017cycie codzienne mieszka\u0144c\u00f3w.\u201d<\/td>\n<\/tr>\n<tr>\n<td style=\"width: 25%;\" width=\"116\">Mateusz Miku\u0142a<\/td>\n<td style=\"width: 25%;\" width=\"167\">II Liceum Og\u00f3lnokszta\u0142c\u0105ce z Oddzia\u0142ami Dwuj\u0119zycznymi im. A. Frycza Modrzewskiego w Rybniku<\/td>\n<td style=\"width: 14.5238%; height: 23px;\">H.1<\/td>\n<td style=\"width: 35.4762%;\" width=\"213\">G\u00f3rno\u015bl\u0105skie tr\u00f3jstyki dawniej i dzi\u015b \u2013 rzecz o miejscach niezwyk\u0142ych i ich wp\u0142ywie na \u017cycie codzienne mieszka\u0144c\u00f3w.<\/td>\n<\/tr>\n<tr>\n<td style=\"width: 25%;\" width=\"116\">Zofia Maruszewska<\/td>\n<td style=\"width: 25%;\" width=\"167\">I Liceum Og\u00f3lnokszta\u0142c\u0105ce Dwuj\u0119zyczne im. Edwarda Dembowskiego w Gliwicach<\/td>\n<td style=\"width: 14.5238%; height: 23px;\">H.3<\/td>\n<td style=\"width: 35.4762%;\" width=\"213\">Hochbergowie a Henckel von Donnersmarckowie. Por\u00f3wnanie dw\u00f3ch g\u00f3rno\u015bl\u0105skich rod\u00f3w arystokratycznych.<\/td>\n<\/tr>\n<tr>\n<td style=\"width: 25%;\" width=\"116\">Hanna Hoffmann<\/td>\n<td style=\"width: 25%;\" width=\"167\">Mi\u0119dzynarodowe Liceum Og\u00f3lnokszta\u0142c\u0105ce w Zabrzu<\/td>\n<td style=\"width: 14.5238%; height: 23px;\">H.3<\/td>\n<td style=\"width: 35.4762%;\" width=\"213\">G\u00f3rno\u015bl\u0105scy potentaci &#8211; historia rod\u00f3w Ballestrem i Henckel von Donnersmarck.<\/td>\n<\/tr>\n<tr>\n<td style=\"width: 25%;\" width=\"116\">\u0141ukasz Przyby\u0142owicz<\/td>\n<td style=\"width: 25%;\" width=\"167\">I Liceum Og\u00f3lnokszta\u0142c\u0105ce im. Miko\u0142aja Kopernika w Katowicach<\/td>\n<td style=\"width: 14.5238%; height: 23px;\">H.3<\/td>\n<td style=\"width: 35.4762%;\" width=\"213\">G\u00f3rno\u015bl\u0105scy potentaci \u2013 historia i niezwyk\u0142e dziedzictwo tw\u00f3rc\u00f3w pot\u0119gi industrialnej G\u00f3rnego \u015al\u0105ska.<\/td>\n<\/tr>\n<tr>\n<td style=\"width: 25%;\" width=\"116\">Miko\u0142aj Roman\u00f3w<\/td>\n<td style=\"width: 25%;\" width=\"167\">I Liceum Og\u00f3lnokszta\u0142c\u0105ce im. 14 Pu\u0142ku Powsta\u0144c\u00f3w \u015al\u0105skich w Wodzis\u0142awiu \u015al\u0105skim<\/td>\n<td style=\"width: 14.5238%; height: 23px;\">H.3<\/td>\n<td style=\"width: 35.4762%;\" width=\"213\">G\u00f3rno\u015bl\u0105scy potentaci \u2013 historia i niezwyk\u0142e dziedzictwo tw\u00f3rc\u00f3w pot\u0119gi industrialnej G\u00f3rnego \u015al\u0105ska na przyk\u0142adzie rod\u00f3w Henckel von Donnersmarck oraz von<br \/>Ballestrem.<\/td>\n<\/tr>\n<tr>\n<td style=\"width: 25%;\" width=\"116\">Karolina Olszewska<\/td>\n<td style=\"width: 25%;\" width=\"167\">VIII Liceum Og\u00f3lnokszta\u0142c\u0105ce im. Marii Sk\u0142odowskiej-Curie z Oddzia\u0142ami Dwuj\u0119zycznymi w Katowicach<\/td>\n<td style=\"width: 14.5238%; height: 23px;\">SziD.1<\/td>\n<td style=\"width: 35.4762%;\" width=\"213\">Niezwyk\u0142y \u015bwiat g\u00f3rno\u015bl\u0105skich<br \/>zwyczaj\u00f3w i obrz\u0119d\u00f3w dorocznych.<\/td>\n<\/tr>\n<tr>\n<td style=\"width: 25%;\" width=\"116\">Zofia Smo\u0142a<\/td>\n<td style=\"width: 25%;\" width=\"167\">I Liceum Og\u00f3lnokszta\u0142c\u0105ce im. Miko\u0142aja Kopernika w Katowicach<\/td>\n<td style=\"width: 14.5238%; height: 23px;\">SziD.1<\/td>\n<td style=\"width: 35.4762%;\" width=\"213\">Niezwyk\u0142y \u015bwiat g\u00f3rno\u015bl\u0105skich zwyczaj\u00f3w i obrz\u0119d\u00f3w dorocznych.<\/td>\n<\/tr>\n<tr>\n<td style=\"width: 25%;\" width=\"116\">Sonia Stanis\u0142awska<\/td>\n<td style=\"width: 25%;\" width=\"167\">Liceum Og\u00f3lnokszta\u0142c\u0105ce &#8222;I Liceum w Chmurze&#8221; w Warszawie<\/td>\n<td style=\"width: 14.5238%; height: 23px;\">SziD.2<\/td>\n<td style=\"width: 35.4762%;\" width=\"213\">Inspiracje \u015bl\u0105sk\u0105 tradycj\u0105 w muzyce<br \/>wsp\u00f3\u0142czesnych tw\u00f3rc\u00f3w i ich wp\u0142yw na zainteresowanie odbiorc\u00f3w regionem.<\/td>\n<\/tr>\n<tr>\n<td style=\"width: 25%;\" width=\"116\">Zofia Zimny<\/td>\n<td style=\"width: 25%;\" width=\"167\">II Liceum Og\u00f3lnokszta\u0142c\u0105ce z Oddzia\u0142ami Dwuj\u0119zycznymi im. A. Frycza Modrzewskiego w Rybniku<\/td>\n<td style=\"width: 14.5238%;\">SziD.3<\/td>\n<td style=\"width: 35.4762%;\" width=\"213\">Ikony architektury G\u00f3rnego \u015al\u0105ska \u2013 od ko\u015bcio\u0142\u00f3w typu \u015bl\u0105skiego<br \/>poprzez osiedla robotnicze po wsp\u00f3\u0142czesne budownictwo.<\/td>\n<\/tr>\n<tr>\n<td style=\"width: 25%;\" width=\"116\">Lena \u017by\u0142a<\/td>\n<td style=\"width: 25%;\" width=\"167\">I Liceum Og\u00f3lnokszta\u0142c\u0105ce Dwuj\u0119zyczne im. E. Dembowskiego w Gliwicach<\/td>\n<td style=\"width: 14.5238%; height: 23px;\">SziD.3<\/td>\n<td style=\"width: 35.4762%;\" width=\"213\">Oblicza architektury G\u00f3rnego \u015al\u0105ska jako klucz do odkrycia jego i w\u0142asnej to\u017csamo\u015bci.<\/td>\n<\/tr>\n<\/tbody>\n<\/table>\n\n\n\n\n\n<p>Fina\u0142 b\u0119dzie mia\u0142 charakter hybrydowy, test zostanie zorganizowany w formie zdalnej w poniedzia\u0142ek <strong>9 grudnia<\/strong>, a osoby zakwalifikowane do prezentacji prac zapraszamy do Biblioteki \u015al\u0105skiej, do sali Parnassos w pi\u0105tek <strong>13 grudnia 2024 roku.<\/strong><\/p>\n","protected":false},"excerpt":{"rendered":"<p>Przedstawiamy list\u0119 16 os\u00f3b, kt\u00f3re po ocenie prac przez juror\u00f3w otrzyma\u0142y minimum 75 punkt\u00f3w: Uczestnik Szko\u0142a Nr tematu Temat pracy Alicja Idczak Zesp\u00f3\u0142 Szk\u00f3\u0142 nr 1 im. Gustawa Morcinka w Tychach G.2 Park Suble w Tychach&#8211; propozycja ochrony. Julia Kwa\u015bniewska III Liceum Og\u00f3lnokszta\u0142c\u0105ce im. Adma Mickiewicza w Katowicach G.3 Katowice \u2013 harmonijna gmina o wyj\u0105tkowych [&hellip;]<\/p>\n","protected":false},"author":1,"featured_media":1912,"comment_status":"closed","ping_status":"open","sticky":false,"template":"","format":"standard","meta":{"footnotes":""},"categories":[23],"tags":[],"class_list":["post-2142","post","type-post","status-publish","format-standard","has-post-thumbnail","hentry","category-xiv-edycja"],"_links":{"self":[{"href":"https:\/\/owogs.bs.katowice.pl\/index.php?rest_route=\/wp\/v2\/posts\/2142","targetHints":{"allow":["GET"]}}],"collection":[{"href":"https:\/\/owogs.bs.katowice.pl\/index.php?rest_route=\/wp\/v2\/posts"}],"about":[{"href":"https:\/\/owogs.bs.katowice.pl\/index.php?rest_route=\/wp\/v2\/types\/post"}],"author":[{"embeddable":true,"href":"https:\/\/owogs.bs.katowice.pl\/index.php?rest_route=\/wp\/v2\/users\/1"}],"replies":[{"embeddable":true,"href":"https:\/\/owogs.bs.katowice.pl\/index.php?rest_route=%2Fwp%2Fv2%2Fcomments&post=2142"}],"version-history":[{"count":10,"href":"https:\/\/owogs.bs.katowice.pl\/index.php?rest_route=\/wp\/v2\/posts\/2142\/revisions"}],"predecessor-version":[{"id":2264,"href":"https:\/\/owogs.bs.katowice.pl\/index.php?rest_route=\/wp\/v2\/posts\/2142\/revisions\/2264"}],"wp:featuredmedia":[{"embeddable":true,"href":"https:\/\/owogs.bs.katowice.pl\/index.php?rest_route=\/wp\/v2\/media\/1912"}],"wp:attachment":[{"href":"https:\/\/owogs.bs.katowice.pl\/index.php?rest_route=%2Fwp%2Fv2%2Fmedia&parent=2142"}],"wp:term":[{"taxonomy":"category","embeddable":true,"href":"https:\/\/owogs.bs.katowice.pl\/index.php?rest_route=%2Fwp%2Fv2%2Fcategories&post=2142"},{"taxonomy":"post_tag","embeddable":true,"href":"https:\/\/owogs.bs.katowice.pl\/index.php?rest_route=%2Fwp%2Fv2%2Ftags&post=2142"}],"curies":[{"name":"wp","href":"https:\/\/api.w.org\/{rel}","templated":true}]}}