{"id":2004,"date":"2023-09-26T09:50:50","date_gmt":"2023-09-26T07:50:50","guid":{"rendered":"https:\/\/owogs.bs.katowice.pl\/?p=2004"},"modified":"2026-03-10T09:20:58","modified_gmt":"2026-03-10T08:20:58","slug":"literatura-do-testu-finalowego-xiii-edycja","status":"publish","type":"post","link":"https:\/\/owogs.bs.katowice.pl\/?p=2004","title":{"rendered":"LITERATURA DO TESTU FINA\u0141OWEGO &#8211; XIII EDYCJA"},"content":{"rendered":"<div class=\"fcbkbttn_buttons_block\" id=\"fcbkbttn_left\"><div class=\"fcbkbttn_button\">\n\t\t\t\t\t<a href=\"https:\/\/www.facebook.com\/1646254928942857\" target=\"_blank\">\n\t\t\t\t\t\t<img decoding=\"async\" src=\"https:\/\/owogs.bs.katowice.pl\/wp-content\/plugins\/facebook-button-plugin\/images\/standard-facebook-ico.png\" alt=\"Fb-Button\" \/>\n\t\t\t\t\t<\/a>\n\t\t\t\t<\/div><div class=\"fcbkbttn_like \"><fb:like href=\"https:\/\/owogs.bs.katowice.pl\/?p=2004\" action=\"like\" colorscheme=\"light\" layout=\"button_count\"  size=\"small\"><\/fb:like><\/div><div class=\"fb-share-button  \" data-href=\"https:\/\/owogs.bs.katowice.pl\/?p=2004\" data-type=\"button_count\" data-size=\"small\"><\/div><\/div>\n\n\n<ol class=\"wp-block-list\">\n<li>E. Chojecka, <em>Wprowadzenie,<\/em> w: <em>Sztuka G\u00f3rnego \u015al\u0105ska, <\/em>red. E. Chojecka, Katowice 2004, s. 10-12. <strong>Fragment: od s. 10, <\/strong>od s\u0142\u00f3w: <em>Powracaj\u0105c do naszego tematu\u2026<\/em> (trzeci akapit od do\u0142u) \u2013 <strong>do s. 12 <\/strong>do ko\u0144ca pierwszego akapitu od g\u00f3ry.<\/li>\n<\/ol>\n\n\n\n<ol class=\"wp-block-list\" start=\"2\">\n<li>M. Fic, Migracyjny ruch w\u0119dr\u00f3wkowy na obszarze wojew\u00f3dztwa \u015bl\u0105skiego\/katowickiego od 1945 roku : zarys problematyki, w: W\u0119dr\u00f3wka lud\u00f3w: powojenny transfer ludno\u015bci w Polsce Ludowej, red. M. Fic, Katowice 2018, s. 75-95.<\/li>\n\n\n\n<li>K. Heffner, S. So\u0142da-Gwi\u017cd\u017c, Migracje powrotne na G\u00f3rny \u015al\u0105sk z socjologicznej perspektywy,\u00a0&#8222;Prace Migracyjne&#8221; nr 9, 1997,\u00a0s. 35-37, s. 40-42.<\/li>\n\n\n\n<li>G. Hentschel. I. Fekete, J.Tambor, G\u0142os w sprawie aktualnego stanu u\u017cycia zapo\u017cycze\u0144 niemieckich we wsp\u00f3\u0142czesnym etnolekcie \u015bl\u0105skim i postaw j\u0119zykowych jego u\u017cytkownik\u00f3w (raport wst\u0119pny z projektu badawczego), \u201eForum Lingwistyczne\u201d nr 6 (2019), s.17-19.<\/li>\n\n\n\n<li>J. Kijonka, <em>Socjologia to\u017csamo\u015bci w \u015bl\u0105skim naro\u017cniku,<\/em> w: tej\u017ce, <em>G\u00f3rno\u015bl\u0105zacy. To\u017csamo\u015b\u0107 regionalna i etniczna ponad granicami<\/em>, s.113-116.\u00a0 <strong>Podrozdzia\u0142<\/strong>: Socjologia to\u017csamo\u015bci w \u015bl\u0105skim naro\u017cniku<\/li>\n\n\n\n<li>E. Klin, <em>O charakterystyce \u015bl\u0105sko\u015bci w literaturze niemieckiej XX wieku<\/em>, \u201cZeszyty Eichendorfa\u201d, 28, 2009,\u00a0 s. 2, 4, 6, 8<\/li>\n\n\n\n<li>Migracje zarobkowe i sytuacja demograficzna wojew\u00f3dztwa \u015bl\u0105skiego. Regionalne Centrum Analiz i Planowania Strategicznego, Wydzia\u0142 Rozwoju Regionalnego, Urz\u0105d Marsza\u0142kowski Wojew\u00f3dztwa \u015al\u0105skiego, 2017.\u00a0s. 37-43\u00a0<\/li>\n\n\n\n<li>H. Noco\u0144, Procesy migracyjne na G\u00f3rnym \u015al\u0105sku &#8211; ich wp\u0142yw na zmiany to\u017csamo\u015bciowe i kulturowe (prezentacja).<\/li>\n\n\n\n<li>M. W\u00f3jcik\u2010\u017bo\u0142\u0105dek, Wsp\u00f3\u0142czesne procesy migracyjne: definicje, tendencje, teorie, \u201cStudia BAS\u201d, 4(40), 2014, s. 12-14\u00a0 <strong>Podrozdzia\u0142<\/strong>: <strong>\u00a0Migracje \u2013 pr\u00f3ba zdefiniowania zjawiska <\/strong>do zdania na s. 14: <em>D\u0105\u017c\u0105c do opisu specyfiki migracji zagranicznych w naszym regionie w okresie transformacji, Marek Ok\u00f3lski zaproponowa\u0142 now\u0105 kategori\u0119 badawcz\u0105 \u2013 \u201emigracje niepe\u0142ne\u201d<\/em>.)<\/li>\n<\/ol>\n","protected":false},"excerpt":{"rendered":"","protected":false},"author":1,"featured_media":1966,"comment_status":"closed","ping_status":"open","sticky":false,"template":"","format":"standard","meta":{"footnotes":""},"categories":[22],"tags":[],"class_list":["post-2004","post","type-post","status-publish","format-standard","has-post-thumbnail","hentry","category-xiii-edycja"],"_links":{"self":[{"href":"https:\/\/owogs.bs.katowice.pl\/index.php?rest_route=\/wp\/v2\/posts\/2004","targetHints":{"allow":["GET"]}}],"collection":[{"href":"https:\/\/owogs.bs.katowice.pl\/index.php?rest_route=\/wp\/v2\/posts"}],"about":[{"href":"https:\/\/owogs.bs.katowice.pl\/index.php?rest_route=\/wp\/v2\/types\/post"}],"author":[{"embeddable":true,"href":"https:\/\/owogs.bs.katowice.pl\/index.php?rest_route=\/wp\/v2\/users\/1"}],"replies":[{"embeddable":true,"href":"https:\/\/owogs.bs.katowice.pl\/index.php?rest_route=%2Fwp%2Fv2%2Fcomments&post=2004"}],"version-history":[{"count":3,"href":"https:\/\/owogs.bs.katowice.pl\/index.php?rest_route=\/wp\/v2\/posts\/2004\/revisions"}],"predecessor-version":[{"id":2054,"href":"https:\/\/owogs.bs.katowice.pl\/index.php?rest_route=\/wp\/v2\/posts\/2004\/revisions\/2054"}],"wp:featuredmedia":[{"embeddable":true,"href":"https:\/\/owogs.bs.katowice.pl\/index.php?rest_route=\/wp\/v2\/media\/1966"}],"wp:attachment":[{"href":"https:\/\/owogs.bs.katowice.pl\/index.php?rest_route=%2Fwp%2Fv2%2Fmedia&parent=2004"}],"wp:term":[{"taxonomy":"category","embeddable":true,"href":"https:\/\/owogs.bs.katowice.pl\/index.php?rest_route=%2Fwp%2Fv2%2Fcategories&post=2004"},{"taxonomy":"post_tag","embeddable":true,"href":"https:\/\/owogs.bs.katowice.pl\/index.php?rest_route=%2Fwp%2Fv2%2Ftags&post=2004"}],"curies":[{"name":"wp","href":"https:\/\/api.w.org\/{rel}","templated":true}]}}