{"id":1973,"date":"2023-03-06T09:23:00","date_gmt":"2023-03-06T08:23:00","guid":{"rendered":"https:\/\/owogs.bs.katowice.pl\/?p=1973"},"modified":"2024-03-11T09:07:51","modified_gmt":"2024-03-11T08:07:51","slug":"literatura-do-testu-szkolnego","status":"publish","type":"post","link":"https:\/\/owogs.bs.katowice.pl\/?p=1973","title":{"rendered":"Literatura do testu szkolnego"},"content":{"rendered":"<div class=\"fcbkbttn_buttons_block\" id=\"fcbkbttn_left\"><div class=\"fcbkbttn_button\">\n\t\t\t\t\t<a href=\"https:\/\/www.facebook.com\/1646254928942857\" target=\"_blank\">\n\t\t\t\t\t\t<img decoding=\"async\" src=\"https:\/\/owogs.bs.katowice.pl\/wp-content\/plugins\/facebook-button-plugin\/images\/standard-facebook-ico.png\" alt=\"Fb-Button\" \/>\n\t\t\t\t\t<\/a>\n\t\t\t\t<\/div><div class=\"fcbkbttn_like \"><fb:like href=\"https:\/\/owogs.bs.katowice.pl\/?p=1973\" action=\"like\" colorscheme=\"light\" layout=\"button_count\"  size=\"small\"><\/fb:like><\/div><div class=\"fb-share-button  \" data-href=\"https:\/\/owogs.bs.katowice.pl\/?p=1973\" data-type=\"button_count\" data-size=\"small\"><\/div><\/div>\n<ol class=\"wp-block-list\">\n<li>E. Chojecka, <em>Wprowadzenie,<\/em> w: <em>Sztuka G\u00f3rnego \u015al\u0105ska, <\/em>red. E. Chojecka, Katowice 2004, s. 10-12.<\/li>\n<\/ol>\n\n\n\n<p><strong>Fragment: od s. 10, <\/strong>od s\u0142\u00f3w: <em>Powracaj\u0105c do naszego tematu\u2026<\/em> (trzeci akapit od do\u0142u) \u2013 <strong>do s. 12 <\/strong>do ko\u0144ca pierwszego akapitu od g\u00f3ry.<\/p>\n\n\n\n<ol class=\"wp-block-list\" start=\"2\">\n<li>J. Kijonka, <em>Socjologia to\u017csamo\u015bci w \u015bl\u0105skim naro\u017cniku,<\/em> w: tej\u017ce, <em>G\u00f3rno\u015bl\u0105zacy. To\u017csamo\u015b\u0107 regionalna i etniczna ponad granicami<\/em>, s.113-116.\u00a0<\/li>\n<\/ol>\n\n\n\n<p><strong>Podrozdzia\u0142<\/strong>: Socjologia to\u017csamo\u015bci w \u015bl\u0105skim naro\u017cniku<\/p>\n\n\n\n<ol class=\"wp-block-list\" start=\"3\">\n<li>E. Klin, <em>O charakterystyce \u015bl\u0105sko\u015bci w literaturze niemieckiej XX wieku<\/em>, \u201cZeszyty Eichendorfa\u201d, 28, 2009,\u00a0 s. 2, 4, 6, 8<\/li>\n<\/ol>\n\n\n\n<ol class=\"wp-block-list\" start=\"4\">\n<li>H. Noco\u0144, Procesy migracyjne na G\u00f3rnym \u015al\u0105sku &#8211; ich wp\u0142yw na zmiany to\u017csamo\u015bciowe i kulturowe (prezentacja).<\/li>\n<\/ol>\n\n\n\n<ol class=\"wp-block-list\" start=\"5\">\n<li>M. W\u00f3jcik\u2010\u017bo\u0142\u0105dek, Wsp\u00f3\u0142czesne procesy migracyjne: definicje, tendencje, teorie, \u201cStudia BAS\u201d, 4(40), 2014, s. 12-14\u00a0<\/li>\n<\/ol>\n\n\n\n<p><strong>Podrozdzia\u0142<\/strong>: <strong>&nbsp;Migracje \u2013 pr\u00f3ba zdefiniowania zjawiska <\/strong>do zdania na s. 14: <em>D\u0105\u017c\u0105c do opisu specyfiki migracji zagranicznych w naszym regionie w okresie transformacji, Marek Ok\u00f3lski zaproponowa\u0142 now\u0105 kategori\u0119 badawcz\u0105 \u2013 \u201emigracje niepe\u0142ne\u201d<\/em>.)<\/p>\n","protected":false},"excerpt":{"rendered":"<p>Fragment: od s. 10, od s\u0142\u00f3w: Powracaj\u0105c do naszego tematu\u2026 (trzeci akapit od do\u0142u) \u2013 do s. 12 do ko\u0144ca pierwszego akapitu od g\u00f3ry. Podrozdzia\u0142: Socjologia to\u017csamo\u015bci w \u015bl\u0105skim naro\u017cniku Podrozdzia\u0142: &nbsp;Migracje \u2013 pr\u00f3ba zdefiniowania zjawiska do zdania na s. 14: D\u0105\u017c\u0105c do opisu specyfiki migracji zagranicznych w naszym regionie w okresie transformacji, Marek Ok\u00f3lski [&hellip;]<\/p>\n","protected":false},"author":1,"featured_media":1987,"comment_status":"closed","ping_status":"open","sticky":false,"template":"","format":"standard","meta":{"footnotes":""},"categories":[22],"tags":[],"class_list":["post-1973","post","type-post","status-publish","format-standard","has-post-thumbnail","hentry","category-xiii-edycja"],"_links":{"self":[{"href":"https:\/\/owogs.bs.katowice.pl\/index.php?rest_route=\/wp\/v2\/posts\/1973","targetHints":{"allow":["GET"]}}],"collection":[{"href":"https:\/\/owogs.bs.katowice.pl\/index.php?rest_route=\/wp\/v2\/posts"}],"about":[{"href":"https:\/\/owogs.bs.katowice.pl\/index.php?rest_route=\/wp\/v2\/types\/post"}],"author":[{"embeddable":true,"href":"https:\/\/owogs.bs.katowice.pl\/index.php?rest_route=\/wp\/v2\/users\/1"}],"replies":[{"embeddable":true,"href":"https:\/\/owogs.bs.katowice.pl\/index.php?rest_route=%2Fwp%2Fv2%2Fcomments&post=1973"}],"version-history":[{"count":7,"href":"https:\/\/owogs.bs.katowice.pl\/index.php?rest_route=\/wp\/v2\/posts\/1973\/revisions"}],"predecessor-version":[{"id":2055,"href":"https:\/\/owogs.bs.katowice.pl\/index.php?rest_route=\/wp\/v2\/posts\/1973\/revisions\/2055"}],"wp:featuredmedia":[{"embeddable":true,"href":"https:\/\/owogs.bs.katowice.pl\/index.php?rest_route=\/wp\/v2\/media\/1987"}],"wp:attachment":[{"href":"https:\/\/owogs.bs.katowice.pl\/index.php?rest_route=%2Fwp%2Fv2%2Fmedia&parent=1973"}],"wp:term":[{"taxonomy":"category","embeddable":true,"href":"https:\/\/owogs.bs.katowice.pl\/index.php?rest_route=%2Fwp%2Fv2%2Fcategories&post=1973"},{"taxonomy":"post_tag","embeddable":true,"href":"https:\/\/owogs.bs.katowice.pl\/index.php?rest_route=%2Fwp%2Fv2%2Ftags&post=1973"}],"curies":[{"name":"wp","href":"https:\/\/api.w.org\/{rel}","templated":true}]}}