{"id":1493,"date":"2020-02-27T07:39:58","date_gmt":"2020-02-27T06:39:58","guid":{"rendered":"http:\/\/owogs.bs.katowice.pl\/?p=1493"},"modified":"2021-02-01T08:18:19","modified_gmt":"2021-02-01T07:18:19","slug":"bibliografia-do-testu-szkolnego","status":"publish","type":"post","link":"https:\/\/owogs.bs.katowice.pl\/?p=1493","title":{"rendered":"Bibliografia do testu szkolnego"},"content":{"rendered":"<div class=\"fcbkbttn_buttons_block\" id=\"fcbkbttn_left\"><div class=\"fcbkbttn_button\">\n\t\t\t\t\t<a href=\"https:\/\/www.facebook.com\/1646254928942857\" target=\"_blank\">\n\t\t\t\t\t\t<img decoding=\"async\" src=\"https:\/\/owogs.bs.katowice.pl\/wp-content\/plugins\/facebook-button-plugin\/images\/standard-facebook-ico.png\" alt=\"Fb-Button\" \/>\n\t\t\t\t\t<\/a>\n\t\t\t\t<\/div><div class=\"fcbkbttn_like \"><fb:like href=\"https:\/\/owogs.bs.katowice.pl\/?p=1493\" action=\"like\" colorscheme=\"light\" layout=\"button_count\"  size=\"small\"><\/fb:like><\/div><div class=\"fb-share-button  \" data-href=\"https:\/\/owogs.bs.katowice.pl\/?p=1493\" data-type=\"button_count\" data-size=\"small\"><\/div><\/div>\n<p>Zapraszamy do zapoznania si\u0119 z tre\u015bci\u0105 publikacji.\nNa ich podstawie zostanie opracowany testu etapu szkolnego:<\/p>\n\n\n\n<p>1. Podstawowe informacje o naszym regionie:<\/p>\n\n\n\n<p>dr Maria Lipok-Bierwiaczonek: <em><a href=\"http:\/\/ibr.bs.katowice.pl\/wp-content\/uploads\/2018\/09\/G%C3%B3rny-%C5%9Al%C4%85sk-o-regionie-najkr%C3%B3cej.pdf\">G\u00f3rny \u015al\u0105sk o regionie najkr\u00f3cej \u2013historia i zr\u00f3\u017cnicowanie kulturowe<\/a><\/em><\/p>\n\n\n\n<p><\/p>\n\n\n\n<p>2.Historia:<\/p>\n\n\n\n<p>Adam Fru\u017cy\u0144ski: <em><a href=\"http:\/\/ibrbs.pl\/mediawiki\/index.php\/Industrializacja_G%C3%B3rnego_%C5%9Al%C4%85ska_do_1922_roku\">Industrializacja G\u00f3rnego \u015al\u0105ska do 1922 roku, <\/a><\/em><a href=\"http:\/\/ibrbs.pl\/mediawiki\/index.php\/Industrializacja_G%C3%B3rnego_%C5%9Al%C4%85ska_do_1922_roku\">Encyklopedia Wojew\u00f3dztwa \u015al\u0105skiego<\/a><\/p>\n\n\n\n\n\n<p>3.\nLiteratura i j\u0119zyk :<\/p>\n\n\n\n<p>prof. dr hab. Aldona Skudrzyk: <a href=\"http:\/\/ibrbs.pl\/mediawiki\/index.php\/Dialekty_wojew%C3%B3dztwa_%C5%9Bl%C4%85skiego\">&nbsp;<\/a><em><a href=\"http:\/\/ibrbs.pl\/mediawiki\/index.php\/Dialekty_wojew%C3%B3dztwa_%C5%9Bl%C4%85skiego\">Dialekty wojew\u00f3dztwa \u015bl\u0105skiego, <\/a><\/em><a href=\"http:\/\/ibrbs.pl\/mediawiki\/index.php\/Dialekty_wojew%C3%B3dztwa_%C5%9Bl%C4%85skiego\">Encyklopedia Wojew\u00f3dztwa \u015al\u0105skiego<\/a><\/p>\n\n\n\n<p>Dwa pierwsze\nrozdzia\u0142y: <\/p>\n\n\n\n<p><em>Renesans\nlokalno\u015bci \u2013 ku to\u017csamo\u015bci regionalnej: poczucie wsp\u00f3lnoty i opozycji<\/em><em><\/em><\/p>\n\n\n\n<p><em>Podzia\u0142\nadministracyjny wobec j\u0119zykowo-kulturowego. Zasi\u0119gi dialekt\u00f3w wojew\u00f3dztwa\n\u015bl\u0105skiego<\/em><\/p>\n\n\n\n<p>4.Geografia:<\/p>\n\n\n\n<p>\u00b7&nbsp; Instytut Badan\nRegionalnych Biblioteki \u015al\u0105skiej, Platforma Edukacji Regionalnej \u201eEdu\u015b\u201d,<a href=\"http:\/\/edus.ibrbs.pl\/ze-szczytow-gor-ku-nizinom\/\" target=\"_blank\" rel=\"noreferrer noopener\"> Ze&nbsp;szczyt\u00f3w g\u00f3r ku nizinom\n(jednostki fizycznogeograficzne w granicach G\u00f3rnego \u015al\u0105ska).<\/a><br>\n<br>\n<\/p>\n\n\n\n<p>\u00b7&nbsp; Instytut Badan Regionalnych Biblioteki\n\u015al\u0105skiej, Platforma Edukacji Regionalnej \u201eEdu\u015b\u201d, <a href=\"http:\/\/edus.ibrbs.pl\/subregiony-wojewodztwa-slaskiego\/\" target=\"_blank\" rel=\"noreferrer noopener\">Subregiony\nwojew\u00f3dztwa \u015bl\u0105skiego (tylko w obr\u0119bie obszaru G\u00f3rnego \u015al\u0105ska).<\/a><\/p>\n","protected":false},"excerpt":{"rendered":"<p>Zapraszamy do zapoznania si\u0119 z tre\u015bci\u0105 publikacji. Na ich podstawie zostanie opracowany testu etapu szkolnego: 1. Podstawowe informacje o naszym regionie: dr Maria Lipok-Bierwiaczonek: G\u00f3rny \u015al\u0105sk o regionie najkr\u00f3cej \u2013historia i zr\u00f3\u017cnicowanie kulturowe 2.Historia: Adam Fru\u017cy\u0144ski: Industrializacja G\u00f3rnego \u015al\u0105ska do 1922 roku, Encyklopedia Wojew\u00f3dztwa \u015al\u0105skiego 3. Literatura i j\u0119zyk : prof. dr hab. Aldona Skudrzyk: [&hellip;]<\/p>\n","protected":false},"author":1,"featured_media":1361,"comment_status":"closed","ping_status":"open","sticky":false,"template":"","format":"standard","meta":{"footnotes":""},"categories":[17],"tags":[],"class_list":["post-1493","post","type-post","status-publish","format-standard","has-post-thumbnail","hentry","category-x-edycja"],"_links":{"self":[{"href":"https:\/\/owogs.bs.katowice.pl\/index.php?rest_route=\/wp\/v2\/posts\/1493","targetHints":{"allow":["GET"]}}],"collection":[{"href":"https:\/\/owogs.bs.katowice.pl\/index.php?rest_route=\/wp\/v2\/posts"}],"about":[{"href":"https:\/\/owogs.bs.katowice.pl\/index.php?rest_route=\/wp\/v2\/types\/post"}],"author":[{"embeddable":true,"href":"https:\/\/owogs.bs.katowice.pl\/index.php?rest_route=\/wp\/v2\/users\/1"}],"replies":[{"embeddable":true,"href":"https:\/\/owogs.bs.katowice.pl\/index.php?rest_route=%2Fwp%2Fv2%2Fcomments&post=1493"}],"version-history":[{"count":9,"href":"https:\/\/owogs.bs.katowice.pl\/index.php?rest_route=\/wp\/v2\/posts\/1493\/revisions"}],"predecessor-version":[{"id":1505,"href":"https:\/\/owogs.bs.katowice.pl\/index.php?rest_route=\/wp\/v2\/posts\/1493\/revisions\/1505"}],"wp:featuredmedia":[{"embeddable":true,"href":"https:\/\/owogs.bs.katowice.pl\/index.php?rest_route=\/wp\/v2\/media\/1361"}],"wp:attachment":[{"href":"https:\/\/owogs.bs.katowice.pl\/index.php?rest_route=%2Fwp%2Fv2%2Fmedia&parent=1493"}],"wp:term":[{"taxonomy":"category","embeddable":true,"href":"https:\/\/owogs.bs.katowice.pl\/index.php?rest_route=%2Fwp%2Fv2%2Fcategories&post=1493"},{"taxonomy":"post_tag","embeddable":true,"href":"https:\/\/owogs.bs.katowice.pl\/index.php?rest_route=%2Fwp%2Fv2%2Ftags&post=1493"}],"curies":[{"name":"wp","href":"https:\/\/api.w.org\/{rel}","templated":true}]}}